{"id":98535,"date":"2021-08-23T11:27:56","date_gmt":"2021-08-23T09:27:56","guid":{"rendered":"https:\/\/www.kalani-home.com\/?p=98535"},"modified":"2021-10-06T11:34:19","modified_gmt":"2021-10-06T09:34:19","slug":"lequipe-kalani-cest-qui-11","status":"publish","type":"post","link":"https:\/\/www.kalani-home.com\/fr\/blog\/lequipe-kalani-cest-qui-11\/","title":{"rendered":"L&rsquo;\u00e9quipe Kalani, c&rsquo;est qui ? #11"},"content":{"rendered":"<p style=\"text-align: center;\"><em>Kalani c\u2019est une petite \u00e9quipe de motiv\u00e9s qui croient que changer les choses et les fa\u00e7ons de produire et de consommer c\u2019est possible. Alors, qui sont les personnes qui travaillent pour rendre ce projet possible ? Notre \u201cMeet the team #11\u201d, est d\u00e9di\u00e9 \u00e0 Valentine<\/em><\/p>\n<p><strong>Valentine a d\u00e9couvert la marque via les r\u00e9seaux sociaux ! et embarqu\u00e9 dans l\u2019aventure en juin 2021.<\/strong><\/p>\n<p>Trilingue, fran\u00e7ais, anglais, n\u00e9erlandais, c\u2019est elle qui, depuis quelques mois, est votre premier point de contact concernant vos commandes et vos questions en g\u00e9n\u00e9ral.<br \/>\nSes amis la d\u00e9crivent comme souriante, douce, passionn\u00e9e, d\u00e9brouillarde, patiente, courageuse et cr\u00e9ative. Et devinez quoi ? Nous, on est plut\u00f4t d\u2019accord avec eux ! C\u2019est un r\u00e9el plaisir d\u2019avoir Valentine dans notre \u00e9quipe et de partager d\u00e9sormais cette aventure avec elle.<\/p>\n<p>Sans plus tarder, d\u00e9couvrez qui se cache derri\u00e8re cette voix au t\u00e9l\u00e9phone ou les e-mails que vous recevez quand vous contactez notre Service Client.<\/p>\n<h3><img decoding=\"async\" class=\"alignnone size-full wp-image-98543\" src=\"https:\/\/www.kalani-home.com\/wp-content\/uploads\/Kalani-blog-Valentine-2.jpg\" alt=\"\" width=\"1920\" height=\"1280\" srcset=\"https:\/\/www.kalani-home.com\/wp-content\/uploads\/Kalani-blog-Valentine-2.jpg 1920w, https:\/\/www.kalani-home.com\/wp-content\/uploads\/Kalani-blog-Valentine-2-1024x683.jpg 1024w, https:\/\/www.kalani-home.com\/wp-content\/uploads\/Kalani-blog-Valentine-2-300x200.jpg 300w, https:\/\/www.kalani-home.com\/wp-content\/uploads\/Kalani-blog-Valentine-2-768x512.jpg 768w, https:\/\/www.kalani-home.com\/wp-content\/uploads\/Kalani-blog-Valentine-2-1536x1024.jpg 1536w\" sizes=\"(max-width: 1920px) 100vw, 1920px\" \/><\/h3>\n<h3><strong>Qui est Valentine? Quelles sont tes passions, et qu&rsquo;est-ce qui te fait vibrer dans la vie ? <\/strong><\/h3>\n<p>J\u2019ai 32 ans, je suis bruxelloise et maman d\u2019un petit gar\u00e7on de 2 ans et demi. En r\u00e8gle g\u00e9n\u00e9rale, j\u2019aime ce qui est beau et bon !<br \/>\nJ&rsquo;ai une formation de designer textile, je suis cr\u00e9ative et aime faire des choses de mes mains. Je suis aussi tr\u00e8s gourmande et adore faire de la p\u00e2tisserie.<br \/>\nJe suis curieuse, j\u2019aime lire, voyager et d\u00e9couvrir de nouvelles choses. J\u2019aime prendre soin des autres et faire plaisir aux gens que j\u2019aime.<\/p>\n<h3><strong>Comment as-tu connu Kalani et depuis quand l&rsquo;aventure a-t-elle commenc\u00e9 ? <\/strong><\/h3>\n<p>J\u2019ai d\u00e9couvert Kalani sur Instagram, gr\u00e2ce \u00e0 Elodie Lovetralala. Ensuite j\u2019ai vu une offre de job pass\u00e9 en story sur instagram, j\u2019ai postul\u00e9 directement, car je me retrouvais dans les valeurs de la marque et c\u2019\u00e9tait en plus une opportunit\u00e9 de retourner vers le secteur du textile pour lequel j\u2019ai \u00e9tudi\u00e9. C\u2019est donc depuis le mois de juin dernier que j\u2019ai int\u00e9gr\u00e9 l\u2019\u00e9quipe pour mon plus grand bonheur !<\/p>\n<h3><strong>Quel est ton r\u00f4le au sein de l&rsquo;\u00e9quipe Kalani et qu&rsquo;est-ce que tu aimes le plus ?<\/strong><\/h3>\n<p>Je suis Customer Care Officer \/ charg\u00e9e de client\u00e8le. J\u2019accompagne les coll\u00e8gues dans les t\u00e2ches quotidiennes et je suis responsable du suivi client et service apr\u00e8s-vente. Ce que j\u2019aime dans cette fonction, c\u2019est le contact avec les clients. Leur satisfaction m\u00e8ne \u00e0 ma propre satisfaction. Et puis c\u2019est surtout un travail vari\u00e9, c\u2019est l\u2019avantage de travailler dans une petite structure, on touche \u00e0 tout et on apprend beaucoup de choses.<\/p>\n<h3>Comment tu imagines Kalani d&rsquo;ici 5 \u00e0 10 ans ?<\/h3>\n<p>J\u2019imagine, et souhaite \u00e0 Kalani, de grandir encore, de se faire conna\u00eetre de par la qualit\u00e9 de ses produits et par les belles valeurs que Kalani v\u00e9hicule.<br \/>\nJ\u2019imagine que l\u2019on sera plus nombreux au bureau, qu&rsquo;on aura \u00e9largi la gamme de nos produits et que tout le monde nous connaitra! \ud83d\ude42 Et surtout que Kalani aura gard\u00e9 son authenticit\u00e9 et que nos clients seront toujours aussi contents et fid\u00e8les.<\/p>\n<h3>Quel est ton produit favori ?<\/h3>\n<p>Les draps en <a href=\"https:\/\/www.kalani-home.com\/fr\/winkel\/product-categorie\/linge-de-lit\/?filter_material=satin-de-coton\">satin de coton<\/a>! J\u2019aime beaucoup les pois, mais ce n\u2019est pas impossible que le \u00ab\u00a0Air Blue\u00a0\u00bb vienne lui voler la vedette \ud83d\ude42<\/p>\n<h3>Quelque chose \u00e0 ajouter que tu souhaites partager, ou comment finir sur une petite touche d\u2019humour ?<\/h3>\n<p>Je terminerai avec une petite anecdote, mes proches se moquent parfois un peu de moi parce que j\u2019ai un toc avec les couleurs: Il m\u2019arrive tr\u00e8s souvent de trier et ranger les choses par couleur, ma garde-robe, mes courses, les oeufs de P\u00e2ques, les m&amp;m\u2019s, les Legos de mon fils,\u2026<\/p>\n<p>Et ce n\u2019est pas la seule de l\u2019\u00e9quipe qui fait ce genre de choses\u2026 \ud83d\ude09<\/p>\n<p>N\u2019h\u00e9sitez pas \u00e0 laisser un message \u00e0 Valentine ici ou \u00e0 lui souhaiter la bienvenue !<\/p>\n","protected":false},"excerpt":{"rendered":"<p>Kalani c\u2019est une petite \u00e9quipe de motiv\u00e9s qui croient que changer les choses et les fa\u00e7ons de produire et de consommer c\u2019est possible. Alors, qui sont les personnes qui travaillent pour rendre ce projet possible ? Notre \u201cMeet the team #11\u201d, est d\u00e9di\u00e9 \u00e0 Valentine Valentine a d\u00e9couvert la marque via les r\u00e9seaux sociaux ! [&hellip;]<\/p>\n","protected":false},"author":3,"featured_media":98539,"comment_status":"open","ping_status":"closed","sticky":false,"template":"","format":"standard","meta":{"_acf_changed":false,"footnotes":""},"categories":[888],"tags":[985,973,1090,1062,784],"class_list":["post-98535","post","type-post","status-publish","format-standard","has-post-thumbnail","hentry","category-decouvrir-fr","tag-belgique-fr","tag-communaute-fr","tag-equipe-fr","tag-rencontrez-fr","tag-textile-fr"],"acf":[],"_links":{"self":[{"href":"https:\/\/www.kalani-home.com\/fr\/wp-json\/wp\/v2\/posts\/98535","targetHints":{"allow":["GET"]}}],"collection":[{"href":"https:\/\/www.kalani-home.com\/fr\/wp-json\/wp\/v2\/posts"}],"about":[{"href":"https:\/\/www.kalani-home.com\/fr\/wp-json\/wp\/v2\/types\/post"}],"author":[{"embeddable":true,"href":"https:\/\/www.kalani-home.com\/fr\/wp-json\/wp\/v2\/users\/3"}],"replies":[{"embeddable":true,"href":"https:\/\/www.kalani-home.com\/fr\/wp-json\/wp\/v2\/comments?post=98535"}],"version-history":[{"count":0,"href":"https:\/\/www.kalani-home.com\/fr\/wp-json\/wp\/v2\/posts\/98535\/revisions"}],"wp:featuredmedia":[{"embeddable":true,"href":"https:\/\/www.kalani-home.com\/fr\/wp-json\/wp\/v2\/media\/98539"}],"wp:attachment":[{"href":"https:\/\/www.kalani-home.com\/fr\/wp-json\/wp\/v2\/media?parent=98535"}],"wp:term":[{"taxonomy":"category","embeddable":true,"href":"https:\/\/www.kalani-home.com\/fr\/wp-json\/wp\/v2\/categories?post=98535"},{"taxonomy":"post_tag","embeddable":true,"href":"https:\/\/www.kalani-home.com\/fr\/wp-json\/wp\/v2\/tags?post=98535"}],"curies":[{"name":"wp","href":"https:\/\/api.w.org\/{rel}","templated":true}]}}