{"id":90224,"date":"2021-03-15T15:59:42","date_gmt":"2021-03-15T14:59:42","guid":{"rendered":"https:\/\/www.kalani-home.com\/blog\/devoir-de-vigilance-60-entreprises-remettent-une-lettre-aux-ministres-pour-legiferer-en-la-matiere\/"},"modified":"2022-04-08T11:23:15","modified_gmt":"2022-04-08T09:23:15","slug":"devoir-de-vigilance-60-entreprises-remettent-une-lettre-aux-ministres-pour-legiferer-en-la-matiere","status":"publish","type":"post","link":"https:\/\/www.kalani-home.com\/fr\/blog\/devoir-de-vigilance-60-entreprises-remettent-une-lettre-aux-ministres-pour-legiferer-en-la-matiere\/","title":{"rendered":"Devoir de vigilance 60 entreprises remettent une lettre aux ministres pour l\u00e9gif\u00e9rer en la mati\u00e8re"},"content":{"rendered":"<p><strong>Le jeudi 4 f\u00e9vrier, Ann Claes CEO de JBC et moi-m\u00eame avons remis une lettre \u00e0 la ministre de la Coop\u00e9ration au d\u00e9veloppement Meryame Kitir et le Vice-Premier ministre et ministre de l\u2019Economie et du Travail Pierre-Yves Dermagne. <\/strong><\/p>\n<p>Cette lettre, sign\u00e9e par 60 entreprises belges (petites et grandes) s\u2019adresse au gouvernement pour lui demander d&rsquo;\u00e9laborer un cadre juridique national obligeant les entreprises \u00e0 prendre leurs responsabilit\u00e9s en mati\u00e8re de respect des droits humains et de l&rsquo;environnement dans leurs fili\u00e8res d\u2019approvisionnement. Nous sommes soutenus en cela par le Trade for Development Centre d&rsquo;Enabel et Fairtrade Belgium.<\/p>\n<p>Voici ci-dessous, ce que je souhaitais leur dire. Car \u00eatre une marque durable c\u2019est bien, mais avoir une d\u00e9marche en vue de l\u00e9gif\u00e9rer en la mati\u00e8re, pour plus un futur pour responsable, c\u2019est \u00e9videmment ce qui me motive chaque jour. Plus il y aura d\u2019entreprises durable, plus les droits des hommes seront respect\u00e9s sur toute la cha\u00eene d\u2019approvisionnement, plus notre monde se donnera les moyens d\u2019un futur plus acceptable pour les g\u00e9n\u00e9rations \u00e0 venir.<\/p>\n<h3>Voici le speech que j\u2019ai donn\u00e9.<\/h3>\n<p>Ch\u00e8re Ministre Kitir, Cher Ministre Dermagne, Chers Mesdames et messieurs des cabinets minist\u00e9riels, chers journalistes, merci pour votre pr\u00e9sence lors de cet \u00e9v\u00e9nement historique. Madame Claes, nous vous remercions aussi tous pour votre accueil ici au magasin JBC de Evere.<\/p>\n<p>Madame la Ministre et Monsieur le Ministre<\/p>\n<p>J\u2019ai os\u00e9 dire \u00e9v\u00e9nement historique car, c\u2019est en effet la premi\u00e8re fois que le monde \u00e9conomique, plus pr\u00e9cis\u00e9ment 60 entreprises pionni\u00e8res et f\u00e9d\u00e9ration, font la demande au gouvernement belge de l\u00e9gif\u00e9rer sur le devoir de vigilance des entreprises.<\/p>\n<p>Nous sommes conscients que ce n\u2019est pas une mati\u00e8re facile \u00e0 l\u00e9gif\u00e9rer, mais les entreprises qui adoptent des pratiques durables seront demain les plus comp\u00e9titives. Et c\u2019est pr\u00e9cis\u00e9ment pour vous soutenir, que cette initiative est n\u00e9e, pour vous d\u00e9montrer que c\u2019est avant tout les entreprises qui sont demandeuses d\u2019une l\u00e9gislation au niveau national pour le Devoir de Vigilance obligatoire pour toutes les entreprises du Royaume et pas seulement les grandes soci\u00e9t\u00e9s cot\u00e9es en Bourse.<\/p>\n<p>Et Pourquoi\u00a0? Et bien tout simplement\u00a0:<\/p>\n<p>Car laisser \u00ab\u00a0fermer les yeux\u00a0\u00bb n\u2019est plus acceptable, et qu\u2019en 2021 il n\u2019est plus envisageable de faire du \u00ab\u00a0Business\u00a0\u00bb du \u00ab\u00a0Commerce\u00a0\u00bb sans qu\u2019il ne soit \u00e9quitable, sans le respect des \u00eatres vivants et de l\u2019environnement et donc par cons\u00e9quent sans un devoir de vigilance sur ce qu\u2019il se passe dans les chaines d\u2019approvisionnement.<\/p>\n<p>Par ce que les jeunes entrepreneurs incluent d\u00e9j\u00e0 presque syst\u00e9matiquement cette probl\u00e9matique dans le d\u00e9veloppement des nouvelles entreprises. Ce qui prouve que c\u2019est possible et m\u00eame pour des PME, des TPE et des Start-ups.<\/p>\n<p>Par ce que nous avons besoin d\u2019impacts v\u00e9ritables et \u00e0 grande \u00e9chelle, avec un politique concr\u00e8te et pas seulement administrative ou trop facile \u00e0 respecter. Il est primordial d\u2019avoir des impacts r\u00e9els sur l\u2019environnement, sur les conditions de vie des travailleurs et des producteurs sur le terrain.<\/p>\n<p>Par ce qu\u2019il faut pouvoir garantir effectivement l\u2019acc\u00e8s \u00e0 la justice sociale pour les personnes affect\u00e9es et l\u00e9s\u00e9es.<\/p>\n<p>Et enfin par ce qu\u2019il existe une r\u00e9elle concurrence d\u00e9loyale entre des entreprises qui produisent les yeux ferm\u00e9s et celles qui essayent de travailler et de produire avec du respect et une vigilance sur leurs activit\u00e9s.<\/p>\n<p>Probablement que personne ne me contredira pour dire que le secteur textile dans le monde est probablement un des secteurs les plus critiqu\u00e9s aussi bien pour ses impacts n\u00e9gatifs sociaux qu\u2019environnementaux li\u00e9s par sa complexit\u00e9 et l\u2019\u00e9tendue des chaines d\u2019approvisionnement. Ce n\u2019est donc pas tout \u00e0 fait un hasard que les 2 porte-paroles ici pr\u00e9sents repr\u00e9sentent le secteur Textile, m\u00eame si d\u2019autres secteurs sont \u00e9galement tr\u00e8s engag\u00e9s comme le Chocolat, le Caf\u00e9, la distribution et d\u2019autres qu\u2019on vous laisse d\u00e9couvrir dans la Lettre. Mais donc les deux porte-paroles ici pr\u00e9sents :<\/p>\n<p>Nous avons voulu vous d\u00e9montrer que si le Textile, qui repr\u00e9sente par ailleurs presque 20% des entreprises signataires de la lettre, peut s\u2019engager dans un Devoir de Vigilance alors tous les autres secteurs d\u2019activit\u00e9 peuvent le faire aussi.<\/p>\n<p>Madame Claes repr\u00e9sente JBC une grande entreprise faisant partie d\u2019un groupe belge florissant et je repr\u00e9sente Kalani-home, une TPE en pleine croissance. Car le Devoir de Vigilance concerne aussi bien les grandes entreprises que les petites entreprises.<\/p>\n<p>Madame Claes repr\u00e9sente la partie flamande de la Belgique et moi la partie francophone, car c\u2019est toute la Belgique qui est concern\u00e9e.<\/p>\n<p>Je conclurais sur une citation du grand \u00c9conomiste Fran\u00e7ais Jean Monnet\u00a0:<\/p>\n<p>\u00ab Les hommes n\u2019acceptent le changement que dans la n\u00e9cessit\u00e9 et ils ne voient la n\u00e9cessit\u00e9 que dans la crise. \u00bb<\/p>\n<p>Les probl\u00e9matiques du d\u00e9veloppement durable ne devraient pas \u00eatre des options, mais des normes de base obligatoires pour que les entreprises puissent exercer leur activit\u00e9. Les nouvelles g\u00e9n\u00e9rations ont mieux int\u00e9gr\u00e9 les n\u00e9cessit\u00e9s de collaborer et de respecter pour prosp\u00e9rer tout en s\u00e9curisant le futur. Mais nous avons besoin imp\u00e9rativement d\u2019un cadre l\u00e9gal pour acc\u00e9l\u00e9rer ce changement, car m\u00eame si des petites goutes d\u2019eaux font des grandes rivi\u00e8res, il y a urgence aujourd\u2019hui et nous n\u2019avons plus le temps de regarder le temps qui passe.<\/p>\n<p>Nous sommes en 2021, et nous sommes occup\u00e9s \u00e0 traverser probablement la plus grande crise \u00e9conomique depuis des d\u00e9cennies. Il y avait un avant, et il y aura un apr\u00e8s Covid ou un avec Covid, je suis personnellement convaincu que toute crise a des impacts catastrophiques sur des personnes et des organisations, mais aussi que toute crise offre des opportunit\u00e9s de changement majeur pour un monde meilleur, et c\u2019est \u00e0 nous citoyens, entrepreneurs et chefs d\u2019entreprises, mais aussi \u00e0 vous Ministres, politiciens et d\u00e9cideurs de r\u00e9fl\u00e9chir ensembles, de collaborer main dans la main pour \u00e9crire un nouveau chapitre de l\u2019histoire et dessiner ce que nous avons envie que le monde de demain devienne pour ne pas retourner dans des travers du pass\u00e9 qui appartiennent au 20\u00e8me si\u00e8cle. Vous avez les clefs en main et nous vous proposons notre exp\u00e9rience et notre expertise, entour\u00e9s de professionnels, de f\u00e9d\u00e9rations, d\u2019organisations et d\u2019associations qui tous ensemble pourront vous donner toutes les informations n\u00e9cessaires pour vous permettre de prendre les bonnes d\u00e9cisions sur ce sujet crucial du Devoir de Vigilance des entreprises.<\/p>\n<p>Merci d\u2019\u00eatre l\u00e0 aujourd\u2019hui, merci d\u2019accepter cette lettre, que nous vous confions avec l\u2019espoir d\u2019une prise de conscience et d\u2019un changement de politique.<\/p>\n<p>Plus d\u2019infos ici\u00a0:<\/p>\n<p><a href=\"https:\/\/www.tdc-enabel.be\/fr\/11\/des-entreprises-belges-reclament-un-cadre-juridique-national-sur-le-devoir-de-vigilance-des-entreprises\/\">https:\/\/www.tdc-enabel.be\/fr\/2020\/09\/11\/des-entreprises-belges-reclament-un-cadre-juridique-national-sur-le-devoir-de-vigilance-des-entreprises\/<\/a><\/p>\n<p><a href=\"https:\/\/www.fairtradebelgium.be\/fr\/actus\/news-details\/news\/60-entreprises-et-federations-demandent-au-gouvernement-federal-un-cadre-juridique-sur-le-devoir-de\/\">https:\/\/www.fairtradebelgium.be\/fr\/actus\/news-details\/news\/60-entreprises-et-federations-demandent-au-gouvernement-federal-un-cadre-juridique-sur-le-devoir-de\/<\/a><\/p>\n","protected":false},"excerpt":{"rendered":"<p>Le jeudi 4 f\u00e9vrier, Ann Claes CEO de JBC et moi-m\u00eame avons remis une lettre \u00e0 la ministre de la Coop\u00e9ration au d\u00e9veloppement Meryame Kitir et le Vice-Premier ministre et ministre de l\u2019Economie et du Travail Pierre-Yves Dermagne. Cette lettre, sign\u00e9e par 60 entreprises belges (petites et grandes) s\u2019adresse au gouvernement pour lui demander d&rsquo;\u00e9laborer [&hellip;]<\/p>\n","protected":false},"author":3,"featured_media":90203,"comment_status":"open","ping_status":"closed","sticky":false,"template":"","format":"standard","meta":{"_acf_changed":false,"footnotes":""},"categories":[777],"tags":[994,1033],"class_list":["post-90224","post","type-post","status-publish","format-standard","has-post-thumbnail","hentry","category-developpement-durable-fr","tag-authenticite-fr","tag-ethique-fr"],"acf":[],"_links":{"self":[{"href":"https:\/\/www.kalani-home.com\/fr\/wp-json\/wp\/v2\/posts\/90224","targetHints":{"allow":["GET"]}}],"collection":[{"href":"https:\/\/www.kalani-home.com\/fr\/wp-json\/wp\/v2\/posts"}],"about":[{"href":"https:\/\/www.kalani-home.com\/fr\/wp-json\/wp\/v2\/types\/post"}],"author":[{"embeddable":true,"href":"https:\/\/www.kalani-home.com\/fr\/wp-json\/wp\/v2\/users\/3"}],"replies":[{"embeddable":true,"href":"https:\/\/www.kalani-home.com\/fr\/wp-json\/wp\/v2\/comments?post=90224"}],"version-history":[{"count":0,"href":"https:\/\/www.kalani-home.com\/fr\/wp-json\/wp\/v2\/posts\/90224\/revisions"}],"wp:featuredmedia":[{"embeddable":true,"href":"https:\/\/www.kalani-home.com\/fr\/wp-json\/wp\/v2\/media\/90203"}],"wp:attachment":[{"href":"https:\/\/www.kalani-home.com\/fr\/wp-json\/wp\/v2\/media?parent=90224"}],"wp:term":[{"taxonomy":"category","embeddable":true,"href":"https:\/\/www.kalani-home.com\/fr\/wp-json\/wp\/v2\/categories?post=90224"},{"taxonomy":"post_tag","embeddable":true,"href":"https:\/\/www.kalani-home.com\/fr\/wp-json\/wp\/v2\/tags?post=90224"}],"curies":[{"name":"wp","href":"https:\/\/api.w.org\/{rel}","templated":true}]}}