{"id":33064,"date":"2018-10-29T00:00:00","date_gmt":"2018-10-28T23:00:00","guid":{"rendered":"https:\/\/content.kalani.eu\/blog\/une-prise-de-conscience-inegalee-autour-du-coton-bio-retour-sur-la-conference-textile-exchange-2018\/"},"modified":"2022-04-08T13:20:28","modified_gmt":"2022-04-08T11:20:28","slug":"une-prise-de-conscience-inegalee-autour-du-coton-bio-retour-sur-la-conference-textile-exchange-2018","status":"publish","type":"post","link":"https:\/\/www.kalani-home.com\/fr\/blog\/une-prise-de-conscience-inegalee-autour-du-coton-bio-retour-sur-la-conference-textile-exchange-2018\/","title":{"rendered":"Une prise de conscience in\u00e9gal\u00e9e autour du coton bio.  Retour sur la conf\u00e9rence Textile Exchange 2018"},"content":{"rendered":"<p><strong>La derni\u00e8re semaine d\u2019octobre 2018, nous avons particip\u00e9 \u00e0 la conf\u00e9rence annuelle de Textile Exchange, comme chaque ann\u00e9e depuis 2010. 8 ans d\u00e9j\u00e0\u00a0!<\/strong><\/p>\n<p>Textile Exchange est l\u2019unique association dans le monde qui r\u00e9ussit \u00e0 rassembler l\u2019ensemble de l\u2019industrie du textile durable des 5 continents. S\u2019y retrouvent\u00a0: <strong>marques de v\u00eatements, de linge de maison, d\u2019accessoires, coop\u00e9ratives d\u2019agriculteurs de coton bio, fabricants de fibres recycl\u00e9es, fibres naturelles et bio, ONG, association d\u2019activistes \u00e0 but \u00e9cologique ou social, organisations internationales, repr\u00e9sentants de gouvernement, \u2026<\/strong><br \/>\nSi vous souhaitez en savoir encore plus, n\u2019h\u00e9sitez pas \u00e0 faire un tour sur le site de Textile Exchange\u00a0: <a href=\"http:\/\/www.textileexchange.org\">www.textileexchange.org.<\/a><\/p>\n<p><strong>Cette ann\u00e9e la conf\u00e9rence internationale a eu lieu, dans la capitale de la mode italienne plus pr\u00e9cis\u00e9ment \u00e0 l\u2019iconique MiCo (Milano Convention Center).<\/strong><br \/>\n<strong>L\u2019engouement et la prise de conscience des marques textiles du monde se ressent de plus en plus.<\/strong><\/p>\n<p><img decoding=\"async\" src=\"https:\/\/www.kalani-home.com\/wp-content\/uploads\/Mico-Milan.png\" alt=\"\" \/><\/p>\n<p>Le nombre d\u2019inscrits \u00e0 la conf\u00e9rence a augment\u00e9 de 520 personnes (lors de la derni\u00e8re conf\u00e9rence \u00e0 Washington DC) \u00e0 <strong>plus de 800 inscrits cette ann\u00e9e, repr\u00e9sentant 43 pays\u00a0! Un grand succ\u00e8s pour Textile Exchange qu\u2019on soutient depuis 2010.<\/strong><\/p>\n<p>En tant que<strong> membre actif b\u00e9n\u00e9vole de Textile Exchange,<\/strong> je si\u00e8ge \u00e9galement au conseil d\u2019administration de l\u2019association depuis 2016 pour l\u2019organe europ\u00e9en. Au sein de Textile Exchange Europe, nous nous sommes r\u00e9cemment organis\u00e9s en 2 groupes\u00a0: Organic Cotton Advisory Council (avec un focus \u00e0 100% sur les probl\u00e9matiques du coton bio dans le monde) et TE Catalyst (avec comme objectif d\u2019\u00eatre un catalyseur pour d\u00e9velopper l\u2019ensemble des Tables Rondes organis\u00e9es par Textile Exchange (coton bio, polyester recycl\u00e9, fibres cellulosiques, et 3 nouvelles Tables Rondes en formation \u2026).<\/p>\n<blockquote><p>Travailler avec du coton bio de fa\u00e7on responsable est beaucoup plus complexe que de simplement trouver les bons partenaires et d\u00e9velopper de bonnes pratiques. Cela fait d\u00e9j\u00e0 plusieurs ann\u00e9es que j\u2019y travaille avec d\u2019autres personnes qui y croient aussi et qui mettent autant d\u2019eux-m\u00eames pour qu\u2019enfin le coton bio prenne la place qu\u2019il se doit\u00a0!<\/p><\/blockquote>\n<p>Apr\u00e8s un week-end intense de r\u00e9unions et de conseils d\u2019administration pour peaufiner la strat\u00e9gie de l\u2019association et continuer nos travaux entam\u00e9s\u00a0les ann\u00e9es pr\u00e9c\u00e9dentes nous avons aussi pass\u00e9 3 jours avec les 800 personnes participants \u00e0 la conf\u00e9rence, avec au programme\u00a0:<\/p>\n<h3><strong>Le lundi 22 octobre\u00a0<\/strong><\/h3>\n<p><img decoding=\"async\" src=\"https:\/\/www.kalani-home.com\/wp-content\/uploads\/united-by-action.jpg\" alt=\"\" \/><strong>Table Ronde sur le coton bio (OCRT\u00a0: Organic Cotton Round Table)<\/strong><\/p>\n<p>Cette table ronde, regroupant des centaines de participants repr\u00e9sentants 6 r\u00e9gions importantes du monde, s\u2019est organis\u00e9e sous forme d\u2019une grande assembl\u00e9e g\u00e9n\u00e9rale o\u00f9 des interlocuteurs des diff\u00e9rentes r\u00e9gions ont expos\u00e9 leurs challenges, projets et objectifs.<br \/>\nDe cette journ\u00e9e, en plus de l\u2019inspiration, des partages d\u2019exp\u00e9riences et des \u00e9changes habituels, nous avons ressorti les deux principales pr\u00e9occupations du secteur, \u00e0 savoir\u00a0:<br \/>\n1. la lutte contre les contaminations des champs par les OGM<br \/>\n2. l\u2019offre de coton bio qui devient insuffisante par rapport \u00e0 la demande.<\/p>\n<p>Aujourd\u2019hui, <strong>la demande repr\u00e9sente moins de 1% du coton achet\u00e9 chaque ann\u00e9e dans le monde entier, mais beaucoup d\u2019agriculteurs se sont d\u00e9tourn\u00e9s de l\u2019or blanc bio, fatigu\u00e9s de la pression sur les prix de certains grands groupes textiles<\/strong>, des fabricants de semences OGM et des soci\u00e9t\u00e9s de micro-cr\u00e9dits. Nous avons un d\u00e9fi \u00e0 relever et il est important de v\u00e9hiculer les bons messages vers ces coop\u00e9ratives, car il existe un march\u00e9 aujourd\u2019hui, qui s\u2019adresse \u00e0 des petites et moyennes marques comme Kalani, o\u00f9 les clients, comme vous tous, comprennent ces probl\u00e9matiques du monde et n\u2019attendent pas de leurs marques pr\u00e9f\u00e9r\u00e9es d\u2019obtenir les prix toujours les moins chers au d\u00e9triment de l\u2019environnement et des agriculteurs.<\/p>\n<h3><strong>Les mardi 23 et mercredi 24 octobre\u00a0<\/strong><\/h3>\n<p><strong><img decoding=\"async\" src=\"https:\/\/www.kalani-home.com\/wp-content\/uploads\/TE-conference-2.jpg\" alt=\"\" \/><\/strong><strong>Grande conf\u00e9rence annuelle<\/strong><\/p>\n<p>800 cerveaux aux grands coeurs pr\u00e9sents pour <strong>apprendre, \u00e9duquer, s\u2019inspirer, inspirer, s\u2019engager pour un textile plus durable et plus respectueux<\/strong>. Nous nous sommes r\u00e9unis pour nous engager dans des actions concr\u00e8tes (United by Action).<\/p>\n<h3><strong>Comment cela se traduit pour Kalani\u00a0?<\/strong><\/h3>\n<p><img decoding=\"async\" src=\"https:\/\/www.kalani-home.com\/wp-content\/uploads\/organic-cotton-group.png\" alt=\"\" \/><\/p>\n<h4>Un engagement toujours plus important pour le coton bio<\/h4>\n<p><strong>Mais surtout un renforcement de notre travail de terrain en Inde avec la coalition de petites et moyennes marques dont nous faisons partie depuis le d\u00e9but de l\u2019aventure et qui est reconnue aux yeux de tous, comme \u00e9tant aujourd\u2019hui l\u2019initiative la plus efficace et ayant le plus d\u2019impact aupr\u00e8s du groupement de coop\u00e9ratives de coton bio avec laquelle nous collaborons depuis des ann\u00e9es.<\/strong><\/p>\n<p>Pour faire simple, n<strong>otre coalition de 19 membres<\/strong> a r\u00e9ussi, en quelques ann\u00e9es, \u00e0 <strong>remplir totalement la capacit\u00e9 de coton bio cultiv\u00e9 chaque ann\u00e9e sur 4 provinces indiennes<\/strong>, en payant des prix premium bien au-dessus du march\u00e9, tout en collectant des donn\u00e9es de terrain de fa\u00e7on organis\u00e9e et <strong>ayant un impact direct sur les conditions de vie de plus de 15.000 fermiers et leurs communaut\u00e9s.<\/strong><\/p>\n<p>Nous sommes sous le radar des grands groupes textiles jaloux et incapables de faire mieux \u00e0 cause de leur politique d\u2019approvisionnement. Dans les statuts de notre coalition, nous nous sommes engag\u00e9s \u00e0 r\u00e9pliquer ce mod\u00e8le unique au monde dans d\u2019autres r\u00e9gions et d\u2019autres pays. Nous sommes donc \u00e0 la recherche d\u2019autres coop\u00e9ratives \u00ab\u00a0best practice\u00a0\u00bb dans le monde et lorsque nous serons arriv\u00e9s \u00e0 organiser cela, nous pourrons probablement accepter des membres suppl\u00e9mentaires pour continuer notre mission \u2026<\/p>\n<p>Nous avons d\u00e9velopp\u00e9 notre <a href=\"https:\/\/www.kalani-home.com\/fr\/\">linge de lit haut de gamme en coton bio et en coton Fairtrade certifi\u00e9s<\/a> pour vous offrir le meilleur, mais aussi pour <strong>limiter notre impact sur la plan\u00e8te, et nous travaillons tous les jours, avec toute notre \u00e9nergie, nos id\u00e9es et notre c\u0153ur pour attendre cet objectif, pour vous, pour nous, pour eux \u2026 pour tous\u00a0!<\/strong><\/p>\n<p>Si vous avez des questions sur ce sujet qui nous tient plus qu\u2019\u00e0 coeur, n\u2019h\u00e9sitez pas \u00e0 nous laisser un commentaire\u00a0!<\/p>\n<p>Bruno<\/p>\n<p>\u00a9 Credit Photos : Chetco<\/p>\n","protected":false},"excerpt":{"rendered":"<p>La derni\u00e8re semaine d\u2019octobre 2018, nous avons particip\u00e9 \u00e0 la conf\u00e9rence annuelle de Textile Exchange, comme chaque ann\u00e9e depuis 2010. 8 ans d\u00e9j\u00e0\u00a0! Textile Exchange est l\u2019unique association dans le monde qui r\u00e9ussit \u00e0 rassembler l\u2019ensemble de l\u2019industrie du textile durable des 5 continents. S\u2019y retrouvent\u00a0: marques de v\u00eatements, de linge de maison, d\u2019accessoires, coop\u00e9ratives [&hellip;]<\/p>\n","protected":false},"author":6,"featured_media":32532,"comment_status":"open","ping_status":"closed","sticky":false,"template":"","format":"standard","meta":{"_acf_changed":false,"footnotes":""},"categories":[777],"tags":[783,1014,1071,784,988],"class_list":["post-33064","post","type-post","status-publish","format-standard","has-post-thumbnail","hentry","category-developpement-durable-fr","tag-certification-fr","tag-conference-fr","tag-coton-biologique-fr","tag-textile-fr","tag-textile-exchange-fr"],"acf":[],"_links":{"self":[{"href":"https:\/\/www.kalani-home.com\/fr\/wp-json\/wp\/v2\/posts\/33064","targetHints":{"allow":["GET"]}}],"collection":[{"href":"https:\/\/www.kalani-home.com\/fr\/wp-json\/wp\/v2\/posts"}],"about":[{"href":"https:\/\/www.kalani-home.com\/fr\/wp-json\/wp\/v2\/types\/post"}],"author":[{"embeddable":true,"href":"https:\/\/www.kalani-home.com\/fr\/wp-json\/wp\/v2\/users\/6"}],"replies":[{"embeddable":true,"href":"https:\/\/www.kalani-home.com\/fr\/wp-json\/wp\/v2\/comments?post=33064"}],"version-history":[{"count":0,"href":"https:\/\/www.kalani-home.com\/fr\/wp-json\/wp\/v2\/posts\/33064\/revisions"}],"wp:featuredmedia":[{"embeddable":true,"href":"https:\/\/www.kalani-home.com\/fr\/wp-json\/wp\/v2\/media\/32532"}],"wp:attachment":[{"href":"https:\/\/www.kalani-home.com\/fr\/wp-json\/wp\/v2\/media?parent=33064"}],"wp:term":[{"taxonomy":"category","embeddable":true,"href":"https:\/\/www.kalani-home.com\/fr\/wp-json\/wp\/v2\/categories?post=33064"},{"taxonomy":"post_tag","embeddable":true,"href":"https:\/\/www.kalani-home.com\/fr\/wp-json\/wp\/v2\/tags?post=33064"}],"curies":[{"name":"wp","href":"https:\/\/api.w.org\/{rel}","templated":true}]}}