{"id":33047,"date":"2017-06-09T00:00:00","date_gmt":"2017-06-08T22:00:00","guid":{"rendered":"https:\/\/content.kalani.eu\/blog\/great-granola-du-gout-et-des-idees\/"},"modified":"2022-03-25T12:55:45","modified_gmt":"2022-03-25T11:55:45","slug":"great-granola-du-gout-et-des-idees","status":"publish","type":"post","link":"https:\/\/www.kalani-home.com\/fr\/blog\/great-granola-du-gout-et-des-idees\/","title":{"rendered":"GrEAT! Granola, du go\u00fbt et des id\u00e9es"},"content":{"rendered":"<p>Comme nous vous l&rsquo;avions pr\u00e9sent\u00e9 dans notre bio, nous d\u00e9marrons notre s\u00e9rie \u00ab\u00a0D\u00e9couvrir\u00a0\u00bb avec grEAT! granola. Une jolie d\u00e9couverte pour nous, un exemple pour les jeunes qui souhaitent se lancer dans l&rsquo;aventure de l&rsquo;entreprenariat. Une s\u00e9rie de jolis hasards qui ont conduit Am\u00e9lie \u00e0 cr\u00e9er sa startup et vivre de ses passions.<\/p>\n<p><strong><a href=\"https:\/\/www.kalani-home.com\/wp-content\/uploads\/GrEAT-126-ok.jpg\"><img decoding=\"async\" src=\"https:\/\/www.kalani-home.com\/wp-content\/uploads\/GrEAT-126-ok.jpg\" alt=\"\" \/><\/a>Mais&#8230; qui est Am\u00e9lie? qui se cache derri\u00e8re grEAT! Granola?<\/strong><\/p>\n<p>Am\u00e9lie a 25 ans, a fait des \u00e9tudes d&rsquo; Ing\u00e9nieur de Gestion, elle est passionn\u00e9e de cuisine et de d\u00e9veloppement durable. M\u00eame si beaucoup de signes pouvaient la pr\u00e9destiner \u00e0 cr\u00e9er sa startup, ce n&rsquo;est pas de cette fa\u00e7on qu&rsquo;Am\u00e9lie envisageait sa carri\u00e8re&#8230; Et pourtant&#8230;<\/p>\n<h3>Une s\u00e9rie d&rsquo;heureux hasards&#8230;<\/h3>\n<p>C&rsquo;est lors d&rsquo;un \u00e9change en Argentine qu&rsquo;Am\u00e9lie a commenc\u00e9 \u00e0 cr\u00e9er ses premiers m\u00e9langes de granola. A la fin de ses \u00e9tudes, Am\u00e9li\u00e9 part voyager et aide en cuisine dans un ferme de permaculture en Colombie, Mundo Nuevo \u00e0 Minca. Elle y a l\u2019occasion de ravir les b\u00e9n\u00e9voles avec du granola pour le petit-dej (cuit \u00e0 la panela bien-s\u00fbr, le sucre brut de canne, sp\u00e9cialit\u00e9 colombienne).<\/p>\n<p>En rentrant en Belgique, Am\u00e9lie entame un boulot dans l\u2019alimentaire. En septembre 2015, elle met son granola dans un box petit-dej qui soutient une bonne \u0153uvre. De l\u00e0, d\u00e9coulent les premi\u00e8res commandes. De fil en aiguille, Am\u00e9lie construit les premi\u00e8res bases de la marque. Encourag\u00e9e par ses amis, sa famille et ses proches, elle d\u00e9cide de se lancer dans l&rsquo;aventure fin 2015.<\/p>\n<h3>Le plaisir d&rsquo;une alimentation saine qui a du go\u00fbt et sans gluten !<\/h3>\n<p>Son slogan when \u00ab\u00a0healthy meet tasty\u00a0\u00bb, car la premi\u00e8re motivation d&rsquo;Am\u00e9lie c&rsquo;est de motiver les gens \u00e0 manger plus sainement, manger gourmand, mais tout en respectant l&rsquo;environnement.<\/p>\n<p>grEAT! granola est du granola bio &amp; sans-gluten, fait-main en Belgique. C\u2019est un produit qui se veut tout aussi sain que d\u00e9licieux! En effet, le granola est cuit \u00e0 100% \u00e0 l\u2019huile de coco et au sirop d\u2019\u00e9rable\/agave.<\/p>\n<p>grEAT ! granola se d\u00e9cline en 3 saveurs :<\/p>\n<ul>\n<li>Rise &amp; Shine : Avoine, quinoa souffl\u00e9, mix de noix, graines, airelles et copeaux de coco.<\/li>\n<li>Apple &amp; Pecan : Avoine, graines de courges et tournesol, noix de pecan &amp; pommes sech\u00e9es.<\/li>\n<li>Choco\u2019Nutz : Avoine, sarrasin, graines de tournesol, chocolat noir &amp; noisettes relev\u00e9 d\u2019une pointe de \u2028sel marin et de vanille.<\/li>\n<\/ul>\n<p><a href=\"https:\/\/www.kalani-home.com\/wp-content\/uploads\/Screen-Shot-2017-06-02-at-10.42.58.png\"><img decoding=\"async\" class=\"aligncenter\" src=\"https:\/\/www.kalani-home.com\/wp-content\/uploads\/Screen-Shot-2017-06-02-at-10.42.58.png\" alt=\"\" \/><\/a> <a href=\"https:\/\/www.kalani-home.com\/wp-content\/uploads\/Screen-Shot-2017-06-02-at-10.42.50.png\"><img decoding=\"async\" class=\"aligncenter\" src=\"https:\/\/www.kalani-home.com\/wp-content\/uploads\/Screen-Shot-2017-06-02-at-10.42.50.png\" alt=\"\" \/><\/a> <a href=\"https:\/\/www.kalani-home.com\/wp-content\/uploads\/Screen-Shot-2017-06-02-at-10.42.40.png\"><img decoding=\"async\" class=\"aligncenter\" src=\"https:\/\/www.kalani-home.com\/wp-content\/uploads\/Screen-Shot-2017-06-02-at-10.42.40.png\" alt=\"\" \/><\/a><\/p>\n<p>grEAT! granola est bon pour vous car il est dot\u00e9 des propri\u00e9t\u00e9s suivantes:Indice glyc\u00e9mique bas (sans sucres raffin\u00e9s), haute teneur en fibres et prot\u00e9ines, cuit \u00e0 l\u2019huile de coco.<\/p>\n<p>Pour faire le plein de\u00a0\u00a0grEAT! Granola c&rsquo;est par\u00a0<a href=\"https:\/\/greatgranola.be\">ici\u00a0<\/a>.<\/p>\n<p><img decoding=\"async\" src=\"https:\/\/www.kalani-home.com\/wp-content\/uploads\/18901360_10154810729179895_1902433242_o.jpg\" alt=\"\" \/><\/p>\n<p><strong>On a test\u00e9&#8230; et on est d\u00e9j\u00e0 accros <\/strong><\/p>\n<p>Excellent pour les petits d\u00e9jeuners au lit, le Rise &amp; Shine,\u00a0vous\u00a0donne la p\u00eache tout en vous r\u00e9veillant en douceur<\/p>\n<p><strong>Et toi Am\u00e9lie, c&rsquo;est quoi ton r\u00eave ?\u00a0<\/strong><\/p>\n<h4>\u00a0\u00bb mon r\u00eave aujourd&rsquo;hui, c&rsquo;est de continuer \u00e0 vivre de ma passion, (je suis d&rsquo;ailleurs en train de cr\u00e9er mon propre atelier le plus respectueux de l&rsquo;environnement possible), de d\u00e9velopper une gamme de snacks sains, de toujours\u00a0proposer des produits de qualit\u00e9s et bons pour la sant\u00e9. Je cherche aussi activement une \u00e9quipe avec laquelle grandir encore. Et encore et toujours, motiver les gens \u00e0 manger sainement\u00a0\u00bb<\/h4>\n<p><a href=\"https:\/\/www.kalani-home.com\/wp-content\/uploads\/Screen-Shot-2017-06-02-at-11.15.59.png\"><img decoding=\"async\" src=\"https:\/\/www.kalani-home.com\/wp-content\/uploads\/Screen-Shot-2017-06-02-at-11.15.59.png\" alt=\"\" \/><\/a><\/p>\n","protected":false},"excerpt":{"rendered":"<p>Comme nous vous l&rsquo;avions pr\u00e9sent\u00e9 dans notre bio, nous d\u00e9marrons notre s\u00e9rie \u00ab\u00a0D\u00e9couvrir\u00a0\u00bb avec grEAT! granola. Une jolie d\u00e9couverte pour nous, un exemple pour les jeunes qui souhaitent se lancer dans l&rsquo;aventure de l&rsquo;entreprenariat. Une s\u00e9rie de jolis hasards qui ont conduit Am\u00e9lie \u00e0 cr\u00e9er sa startup et vivre de ses passions. Mais&#8230; qui est [&hellip;]<\/p>\n","protected":false},"author":3,"featured_media":32064,"comment_status":"open","ping_status":"closed","sticky":false,"template":"","format":"standard","meta":{"_acf_changed":false,"footnotes":""},"categories":[886,888],"tags":[985,973,920,1065,1045],"class_list":["post-33047","post","type-post","status-publish","format-standard","has-post-thumbnail","hentry","category-bien-etre-fr","category-decouvrir-fr","tag-belgique-fr","tag-communaute-fr","tag-local-fr","tag-organique-fr","tag-sante-fr"],"acf":[],"_links":{"self":[{"href":"https:\/\/www.kalani-home.com\/fr\/wp-json\/wp\/v2\/posts\/33047","targetHints":{"allow":["GET"]}}],"collection":[{"href":"https:\/\/www.kalani-home.com\/fr\/wp-json\/wp\/v2\/posts"}],"about":[{"href":"https:\/\/www.kalani-home.com\/fr\/wp-json\/wp\/v2\/types\/post"}],"author":[{"embeddable":true,"href":"https:\/\/www.kalani-home.com\/fr\/wp-json\/wp\/v2\/users\/3"}],"replies":[{"embeddable":true,"href":"https:\/\/www.kalani-home.com\/fr\/wp-json\/wp\/v2\/comments?post=33047"}],"version-history":[{"count":0,"href":"https:\/\/www.kalani-home.com\/fr\/wp-json\/wp\/v2\/posts\/33047\/revisions"}],"wp:featuredmedia":[{"embeddable":true,"href":"https:\/\/www.kalani-home.com\/fr\/wp-json\/wp\/v2\/media\/32064"}],"wp:attachment":[{"href":"https:\/\/www.kalani-home.com\/fr\/wp-json\/wp\/v2\/media?parent=33047"}],"wp:term":[{"taxonomy":"category","embeddable":true,"href":"https:\/\/www.kalani-home.com\/fr\/wp-json\/wp\/v2\/categories?post=33047"},{"taxonomy":"post_tag","embeddable":true,"href":"https:\/\/www.kalani-home.com\/fr\/wp-json\/wp\/v2\/tags?post=33047"}],"curies":[{"name":"wp","href":"https:\/\/api.w.org\/{rel}","templated":true}]}}