{"id":295709,"date":"2026-04-26T10:04:35","date_gmt":"2026-04-26T08:04:35","guid":{"rendered":"https:\/\/www.kalani-home.com\/?p=295709"},"modified":"2026-04-17T10:27:30","modified_gmt":"2026-04-17T08:27:30","slug":"chambre-hotes-hainaut-berges-et-bois","status":"publish","type":"post","link":"https:\/\/www.kalani-home.com\/fr\/blog\/chambre-hotes-hainaut-berges-et-bois\/","title":{"rendered":"Chambre d&rsquo;h\u00f4tes \u00ab\u00a0Berges et Bois\u00a0\u00bb : une escale nature et authenticit\u00e9"},"content":{"rendered":"<p><em>Nich\u00e9e au c\u0153ur de la campagne hennuy\u00e8re, entre for\u00eats myst\u00e9rieuses et chemins de halage, la chambre d&rsquo;h\u00f4tes \u00ab\u00a0Berges et Bois\u00a0\u00bb est une invitation \u00e0 ralentir. Virginie et son compagnon vous accueillent dans un cocon douillet, spacieux et soigneusement d\u00e9cor\u00e9, o\u00f9 il fait bon se ressourcer avant de partir explorer les richesses naturelles et culturelles du Hainaut.<\/em><\/p>\n<p><strong>Un projet n\u00e9 d&rsquo;une passion pour l&rsquo;accueil<\/strong><\/p>\n<p>C&rsquo;est \u00e0 deux que Virginie et son compagnon ont imagin\u00e9 et cr\u00e9\u00e9 \u00ab\u00a0Berges et Bois\u00a0\u00bb : une chambre d&rsquo;h\u00f4tes \u00e0 leur image, chaleureuse, authentique, et pens\u00e9e dans les moindres d\u00e9tails pour que leurs h\u00f4tes se sentent vraiment chez eux. Ici, pas de froideur h\u00f4teli\u00e8re\u00a0: on est re\u00e7u comme un ami de passage, avec des anecdotes partag\u00e9es autour d&rsquo;un caf\u00e9 et des conseils de visites que seuls les locaux connaissent.<\/p>\n<p><img decoding=\"async\" class=\"size-full wp-image-295715\" src=\"https:\/\/www.kalani-home.com\/wp-content\/uploads\/BB-BergeBois-1.jpg\" alt=\"B&amp;B-Berge&amp;Bois-1\" width=\"2048\" height=\"1000\" \/><\/p>\n<p><strong>La chambre : espace, confort et douceur<\/strong><\/p>\n<p>La chambre d\u2019h\u00f4tes <strong>Berges et Bois<\/strong> propose une chambre pens\u00e9e pour les couples en qu\u00eate d\u2019une escapade \u00e0 deux, dans un cadre \u00e0 la fois paisible et chaleureux. Spacieuse, lumineuse et d\u00e9cor\u00e9e avec soin, elle r\u00e9unit tout ce qu\u2019il faut pour se sentir imm\u00e9diatement bien, comme dans une bulle hors du temps.<\/p>\n<p>Une attention particuli\u00e8re a \u00e9t\u00e9 port\u00e9e \u00e0 la qualit\u00e9 du sommeil et au confort global. La literie est habill\u00e9e du <a href=\"https:\/\/www.kalani-home.com\/fr\/boutique\/categorie-produit\/linge-de-lit\/\">linge de lit <strong>Kalani<\/strong><\/a>, choisi pour sa douceur et son \u00e9l\u00e9gance naturelle, afin d\u2019offrir des nuits r\u00e9ellement r\u00e9paratrices. Dans le m\u00eame esprit, les <a href=\"https:\/\/www.kalani-home.com\/fr\/boutique\/categorie-produit\/linge-de-table\/\">serviettes<\/a> utilis\u00e9es pour le petit-d\u00e9jeuner sont \u00e9galement sign\u00e9es <strong>Kalani<\/strong>, ajoutant une touche de raffinement discret \u00e0 ce moment privil\u00e9gi\u00e9 de la journ\u00e9e.<\/p>\n<p><img decoding=\"async\" class=\"size-full wp-image-295716\" src=\"https:\/\/www.kalani-home.com\/wp-content\/uploads\/BB-BergeBois-2.jpg\" alt=\"B&amp;B-Berge&amp;Bois-2\" width=\"2048\" height=\"1000\" \/><\/p>\n<p><strong>Le coup de c\u0153ur de Virginie : la for\u00eat et ses l\u00e9gendes<\/strong><\/p>\n<p>Si vous demandez \u00e0 la ma\u00eetresse des lieux ce qu&rsquo;elle pr\u00e9f\u00e8re dans sa r\u00e9gion, elle vous parlera avec \u00e9motion de la <strong>for\u00eat et de ses secrets<\/strong> : l&rsquo;<strong>arbre \u00e0 loques<\/strong> et la <strong>chapelle de l&rsquo;Ercompuch<\/strong>, un lieu charg\u00e9 d&rsquo;histoire et de myst\u00e8re. Un endroit hors du temps, \u00e0 d\u00e9couvrir absolument lors d&rsquo;une balade en for\u00eat.<\/p>\n<p><strong>Que faire aux alentours ? Les incontournables du Hainaut<\/strong><\/p>\n<p>La situation g\u00e9ographique de la chambre d\u2019h\u00f4te est id\u00e9ale pour rayonner dans toute la r\u00e9gion. Voici quelques id\u00e9es pour composer votre s\u00e9jour :<\/p>\n<p><strong>Nature &amp; plein air<\/strong><\/p>\n<ul>\n<li><strong>Randonn\u00e9es \u00e0 v\u00e9lo sur le RAVeL<\/strong>\u00a0: la chambre se trouve \u00e0 deux pas de ce r\u00e9seau de voies lentes<\/li>\n<li><strong>Balades en for\u00eat<\/strong> avec les l\u00e9gendes locales : l&rsquo;arbre \u00e0 loques et la chapelle de l&rsquo;Ercompuch<\/li>\n<li><strong>Parc naturel des Plaines de l&rsquo;Escaut<\/strong> : paysages ouverts, faune et flore pr\u00e9serv\u00e9es<\/li>\n<li><strong>Marais d&rsquo;Harchies<\/strong> : l&rsquo;une des plus grandes r\u00e9serves naturelles de Wallonie, un paradis pour les ornithologues<\/li>\n<\/ul>\n<p><strong>Culture &amp; patrimoine<\/strong><\/p>\n<ul>\n<li><strong>Ch\u00e2teau de Beloeil<\/strong> : spectacles d&rsquo;Amaryllis et les productions de Luc Petit dans un cadre grandiose<\/li>\n<li><strong>Pairi Daiza<\/strong> : le parc animalier et botanique incontournable<\/li>\n<li><strong>Arch\u00e9osite d&rsquo;Aubechies<\/strong> : un voyage dans la Belgique pr\u00e9historique et gallo-romaine<\/li>\n<li>Visites des villes de <strong>Mons, Ath et Tournai<\/strong>, riches en architecture et histoire<\/li>\n<\/ul>\n<p><strong>\u00c9v\u00e9nements &amp; festivit\u00e9s<\/strong><\/p>\n<ul>\n<li><strong>Ducasse de Mons (le Doudou)<\/strong> et <strong>Ducasse d&rsquo;Ath<\/strong>, f\u00eates folkloriques class\u00e9es au patrimoine de l&rsquo;UNESCO<\/li>\n<li><strong>Dour Music Festival<\/strong>, l&rsquo;un des plus grands festivals de Belgique<\/li>\n<\/ul>\n<p>&nbsp;<\/p>\n<p><strong>R\u00e9server votre s\u00e9jour <\/strong><\/p>\n<p>Pr\u00eat(e) \u00e0 poser vos valises (et votre v\u00e9lo) ?<\/p>\n<p><strong>R\u00e9servation directe<\/strong> aupr\u00e8s de Virginie Dhainaut : <strong>0479\/255 788<\/strong><br \/>\n<strong>R\u00e9servation via Airbnb<\/strong> : <a href=\"https:\/\/fr.airbnb.be\/rooms\/52214723\">Voir l&rsquo;annonce<\/a><\/p>\n<p>&nbsp;<\/p>\n","protected":false},"excerpt":{"rendered":"<p>Nich\u00e9e au c\u0153ur de la campagne hennuy\u00e8re, entre for\u00eats myst\u00e9rieuses et chemins de halage, la chambre d&rsquo;h\u00f4tes \u00ab\u00a0Berges et Bois\u00a0\u00bb est une invitation \u00e0 ralentir. Virginie et son compagnon vous accueillent dans un cocon douillet, spacieux et soigneusement d\u00e9cor\u00e9, o\u00f9 il fait bon se ressourcer avant de partir explorer les richesses naturelles et culturelles du [&hellip;]<\/p>\n","protected":false},"author":16957,"featured_media":295712,"comment_status":"open","ping_status":"closed","sticky":false,"template":"","format":"standard","meta":{"_acf_changed":false,"footnotes":""},"categories":[894],"tags":[3165,3871,3870,3402],"class_list":["post-295709","post","type-post","status-publish","format-standard","has-post-thumbnail","hentry","category-bb-fr","tag-bb-fr","tag-chambre-dhote","tag-logement","tag-naturel-fr"],"acf":[],"_links":{"self":[{"href":"https:\/\/www.kalani-home.com\/fr\/wp-json\/wp\/v2\/posts\/295709","targetHints":{"allow":["GET"]}}],"collection":[{"href":"https:\/\/www.kalani-home.com\/fr\/wp-json\/wp\/v2\/posts"}],"about":[{"href":"https:\/\/www.kalani-home.com\/fr\/wp-json\/wp\/v2\/types\/post"}],"author":[{"embeddable":true,"href":"https:\/\/www.kalani-home.com\/fr\/wp-json\/wp\/v2\/users\/16957"}],"replies":[{"embeddable":true,"href":"https:\/\/www.kalani-home.com\/fr\/wp-json\/wp\/v2\/comments?post=295709"}],"version-history":[{"count":1,"href":"https:\/\/www.kalani-home.com\/fr\/wp-json\/wp\/v2\/posts\/295709\/revisions"}],"predecessor-version":[{"id":295721,"href":"https:\/\/www.kalani-home.com\/fr\/wp-json\/wp\/v2\/posts\/295709\/revisions\/295721"}],"wp:featuredmedia":[{"embeddable":true,"href":"https:\/\/www.kalani-home.com\/fr\/wp-json\/wp\/v2\/media\/295712"}],"wp:attachment":[{"href":"https:\/\/www.kalani-home.com\/fr\/wp-json\/wp\/v2\/media?parent=295709"}],"wp:term":[{"taxonomy":"category","embeddable":true,"href":"https:\/\/www.kalani-home.com\/fr\/wp-json\/wp\/v2\/categories?post=295709"},{"taxonomy":"post_tag","embeddable":true,"href":"https:\/\/www.kalani-home.com\/fr\/wp-json\/wp\/v2\/tags?post=295709"}],"curies":[{"name":"wp","href":"https:\/\/api.w.org\/{rel}","templated":true}]}}